{"id":1271,"date":"2025-06-15T09:15:10","date_gmt":"2025-06-15T07:15:10","guid":{"rendered":"https:\/\/cofficelleida.com\/?p=1271"},"modified":"2026-01-21T10:13:26","modified_gmt":"2026-01-21T09:13:26","slug":"por-que-el-cafe-de-especialidad-marca-la-diferencia-en-tu-dia","status":"publish","type":"post","link":"https:\/\/cofficelleida.com\/ca\/por-que-el-cafe-de-especialidad-marca-la-diferencia-en-tu-dia\/","title":{"rendered":"Por qu\u00e9 el caf\u00e9 de especialidad marca la diferencia en tu d\u00eda"},"content":{"rendered":"<figure class=\"wp-block-image\"><img decoding=\"async\" src=\"https:\/\/lh7-rt.googleusercontent.com\/docsz\/AD_4nXeqEY28SYTvs4ppFFbOTVhK2hRmkHj59jhkqyTODlMBthXg0eWt8dh9eLl9RpX4sNKAzOyzOCJyaYOpjwbvCVZxIUdfl_vtIauli2PlHYh6Mu6U7MqYkT0Aq16u8SlTBUSUJz-2LA?key=fI6XjfAvxQTX5mAGv4gG7Q\" alt=\"Generated\/Edited Image\"\/><\/figure>\n\n\n\n<h1 class=\"wp-block-heading\">Por qu\u00e9 el caf\u00e9 de especialidad marca la diferencia en tu d\u00eda<\/h1>\n\n\n\n<p>\u00bfAlguna vez has notado c\u00f3mo empieza tu d\u00eda cuando pruebas un caf\u00e9 realmente bueno? No hablamos de un caf\u00e9 cualquiera, sino de caf\u00e9 de especialidad en Lleida. En Coffice, dentro de Carrefour, apostamos por transformar tu rutina diaria en una experiencia sensorial y aut\u00e9ntica. \u00a1Descubre por qu\u00e9 deber\u00edas dar el salto al caf\u00e9 de calidad!<\/p>\n\n\n\n<h2 class=\"wp-block-heading\">\u00bfQu\u00e9 es el caf\u00e9 de especialidad?<\/h2>\n\n\n\n<p>El caf\u00e9 de especialidad es mucho m\u00e1s que una tendencia. Se trata de granos seleccionados, cultivados en condiciones ideales, recolectados con mimo y preparados por baristas expertos. Cada taza es \u00fanica y se analiza en funci\u00f3n de su aroma, sabor, cuerpo y acidez.&nbsp;<\/p>\n\n\n\n<h3 class=\"wp-block-heading\">Palabra clave principal: caf\u00e9 de especialidad Lleida<\/h3>\n\n\n\n<h2 class=\"wp-block-heading\">Beneficios de elegir caf\u00e9 de especialidad en tu d\u00eda a d\u00eda<\/h2>\n\n\n\n<ol class=\"wp-block-list\">\n<li>Sabor y aroma incomparables<\/li>\n\n\n\n<li>Menor amargor y acidez equilibrada<\/li>\n\n\n\n<li>Granos trazables de origen \u00e9tico<\/li>\n\n\n\n<li>Preparaci\u00f3n personalizada (aeropress, chemex, V60, espresso)<\/li>\n<\/ol>\n\n\n\n<h2 class=\"wp-block-heading\">\u00bfPor qu\u00e9 en Coffice apostamos por el caf\u00e9 de calidad?<\/h2>\n\n\n\n<p>En Coffice somos apasionados del caf\u00e9. Trabajamos con tostadores locales y nacionales, seleccionando solo los mejores granos de cafeter\u00eda de especialidad en Lleida. Nuestro equipo de baristas est\u00e1 en constante formaci\u00f3n para ofrecerte siempre una experiencia novedosa y deliciosa.<\/p>\n\n\n\n<h2 class=\"wp-block-heading\">La diferencia que notas en tu jornada<\/h2>\n\n\n\n<p>Una buena taza de caf\u00e9 puede:<\/p>\n\n\n\n<ol class=\"wp-block-list\">\n<li>Mejorar tu concentraci\u00f3n<\/li>\n\n\n\n<li>Levantar tu \u00e1nimo<\/li>\n\n\n\n<li>Hacer especial tu tiempo en la cafeter\u00eda<\/li>\n<\/ol>\n\n\n\n<h2 class=\"wp-block-heading\">Mucho m\u00e1s que una bebida: un ritual diario<\/h2>\n\n\n\n<p>En Coffice, el caf\u00e9 es un acto social, parte esencial del desayuno o brunch. Compartimos contigo charlas, inspiraci\u00f3n y buena energ\u00eda en cada visita.<\/p>\n\n\n\n<h2 class=\"wp-block-heading\">Palabras clave secundarias: caf\u00e9 de calidad, expertos en caf\u00e9, cafeter\u00eda de especialidad<\/h2>\n\n\n\n<h2 class=\"wp-block-heading\">Descubre tu favorito<\/h2>\n\n\n\n<p>\u00bfPrefieres notas afrutadas, achocolatadas o m\u00e1s tostadas? Pregunta a nuestro barista y encuentra la variedad perfecta para ti. \u00a1Hay un caf\u00e9 de especialidad para cada paladar!<\/p>\n\n\n\n<h2 class=\"wp-block-heading\">Un espacio \u00fanico para los amantes del caf\u00e9 en Lleida<\/h2>\n\n\n\n<p>No solo servimos caf\u00e9: ofrecemos experiencias. Disfruta de un entorno acogedor dentro de Carrefour, perfecto para socializar, trabajar o simplemente relajarte.<\/p>\n\n\n\n<p><\/p>\n\n\n\n<p><strong>\u00bfQuieres sentir la diferencia? Ven a Coffice, en Carrefour Lleida, y experimenta el mejor caf\u00e9 de especialidad de la ciudad. \u00a1D\u00e9jate asesorar por nuestros expertos y vive una ma\u00f1ana diferente!<\/strong><\/p>\n\n\n\n<p><a href=\"https:\/\/cofficelleida.com\/ca\/\">Descubre nuestro men\u00fa y s\u00edguenos para m\u00e1s tips sobre caf\u00e9 en Lleida<\/a><\/p>\n\n\n\n<p>.<\/p>","protected":false},"excerpt":{"rendered":"<p>Por qu\u00e9 el caf\u00e9 de especialidad marca la diferencia en tu d\u00eda \u00bfAlguna vez has notado c\u00f3mo empieza tu d\u00eda cuando pruebas un caf\u00e9 realmente bueno? No hablamos de un caf\u00e9 cualquiera, sino de caf\u00e9 de especialidad en Lleida. En Coffice, dentro de Carrefour, apostamos por transformar tu rutina diaria en una experiencia sensorial y [&hellip;]<\/p>\n","protected":false},"author":2,"featured_media":0,"comment_status":"open","ping_status":"open","sticky":false,"template":"","format":"standard","meta":{"footnotes":""},"categories":[15],"tags":[],"class_list":["post-1271","post","type-post","status-publish","format-standard","hentry","category-coffice-lleida"],"blocksy_meta":[],"_links":{"self":[{"href":"https:\/\/cofficelleida.com\/ca\/wp-json\/wp\/v2\/posts\/1271","targetHints":{"allow":["GET"]}}],"collection":[{"href":"https:\/\/cofficelleida.com\/ca\/wp-json\/wp\/v2\/posts"}],"about":[{"href":"https:\/\/cofficelleida.com\/ca\/wp-json\/wp\/v2\/types\/post"}],"author":[{"embeddable":true,"href":"https:\/\/cofficelleida.com\/ca\/wp-json\/wp\/v2\/users\/2"}],"replies":[{"embeddable":true,"href":"https:\/\/cofficelleida.com\/ca\/wp-json\/wp\/v2\/comments?post=1271"}],"version-history":[{"count":2,"href":"https:\/\/cofficelleida.com\/ca\/wp-json\/wp\/v2\/posts\/1271\/revisions"}],"predecessor-version":[{"id":1276,"href":"https:\/\/cofficelleida.com\/ca\/wp-json\/wp\/v2\/posts\/1271\/revisions\/1276"}],"wp:attachment":[{"href":"https:\/\/cofficelleida.com\/ca\/wp-json\/wp\/v2\/media?parent=1271"}],"wp:term":[{"taxonomy":"category","embeddable":true,"href":"https:\/\/cofficelleida.com\/ca\/wp-json\/wp\/v2\/categories?post=1271"},{"taxonomy":"post_tag","embeddable":true,"href":"https:\/\/cofficelleida.com\/ca\/wp-json\/wp\/v2\/tags?post=1271"}],"curies":[{"name":"wp","href":"https:\/\/api.w.org\/{rel}","templated":true}]}}